{"id":39,"date":"2024-08-28T09:34:41","date_gmt":"2024-08-28T07:34:41","guid":{"rendered":"http:\/\/www.schleim.info\/wordpress\/?p=39"},"modified":"2025-12-15T18:57:05","modified_gmt":"2025-12-15T17:57:05","slug":"stephan-schleims-buecher","status":"publish","type":"post","link":"https:\/\/www.schleim.info\/wordpress\/de\/2024\/08\/28\/stephan-schleims-buecher\/","title":{"rendered":"Stephan Schleims B\u00fccher"},"content":{"rendered":"\n<p><strong>Stephan Schleims kann inzwischen mehr als zehn Buchpublikationen \u2013 als Autor und Herausgeber \u2013 vorweisen. Seine Werke erhielten positive Rezensionen, zum Beispiel in der <em>F.A.Z.<\/em>, <em>Psychologie Heute<\/em> und <em>Zeitschrift f\u00fcr Neuropsychologie<\/em>. Hier erfahren Sie mehr.<\/strong><\/p>\n\n\n\n<!--more-->\n\n\n\n<h2 class=\"wp-block-heading\">Perspektiven aus der Depressions-Epidemie (1. Druckauflage, 2026)<\/h2>\n\n\n\n<p>Inzwischen werden in Deutschland so viele Psychopharmaka verschrieben, um mehr als 7&nbsp;Millionen Menschen damit t\u00e4glich zu versorgen. Der Gro\u00dfteil davon entf\u00e4llt auf die sogenannten Antidepressiva. Wie ist dieser massive Anstieg seit den 1980ern zu verstehen? Und wieso sind die Wartelisten f\u00fcr psychologisch-psychiatrische Therapien trotzdem l\u00e4nger denn je?<\/p>\n\n\n\n<figure class=\"wp-block-image size-large\"><a href=\"https:\/\/www.amazon.de\/dp\/B0FR3R9YH6\"><img loading=\"lazy\" decoding=\"async\" width=\"576\" height=\"1024\" src=\"https:\/\/www.schleim.info\/wordpress\/wp-content\/uploads\/2025\/09\/Perspektiven-neu-576x1024.jpg\" alt=\"\" class=\"wp-image-511\" srcset=\"https:\/\/www.schleim.info\/wordpress\/wp-content\/uploads\/2025\/09\/Perspektiven-neu-576x1024.jpg 576w, https:\/\/www.schleim.info\/wordpress\/wp-content\/uploads\/2025\/09\/Perspektiven-neu-169x300.jpg 169w, https:\/\/www.schleim.info\/wordpress\/wp-content\/uploads\/2025\/09\/Perspektiven-neu-768x1365.jpg 768w, https:\/\/www.schleim.info\/wordpress\/wp-content\/uploads\/2025\/09\/Perspektiven-neu-864x1536.jpg 864w, https:\/\/www.schleim.info\/wordpress\/wp-content\/uploads\/2025\/09\/Perspektiven-neu-1152x2048.jpg 1152w, https:\/\/www.schleim.info\/wordpress\/wp-content\/uploads\/2025\/09\/Perspektiven-neu.jpg 1440w\" sizes=\"auto, (max-width: 576px) 100vw, 576px\" \/><\/a><\/figure>\n\n\n\n<p>Stephan Schleim, der in drei psychiatrischen Universit\u00e4tskliniken forschte und inzwischen \u00fcber 5.000 Studierende in Psychologie ausgebildet hat, nimmt Sie mit auf einen Blick hinter die Kulissen: Was sind \u00fcberhaupt psychische St\u00f6rungen? Wie werden sie diagnostiziert und wer legt die Kriterien hierf\u00fcr fest? Sind &#8222;Antidepressiva&#8220; wirklich die Heilsbringer, als die sie lange dargestellt wurden?<\/p>\n\n\n\n<p>In insgesamt 27 Perspektiven (Kapiteln) aus den letzten zehn Jahren erkl\u00e4rt der Autor mit \u00fcber 20 Jahren Schreiberfahrung im Bereich von Psychologie, Psychiatrie und Hirnforschung, warum wir uns inzwischen in einer &#8222;Depressions-Epidemie&#8220; befinden \u2013 und wie wir daraus wieder herauskommen k\u00f6nnen. Bestellen Sie das Buch mit viel Wissen und zahlreichen Abbildungen <strong>jetzt f\u00fcr nur 19,95 Euro versandkostenfrei<\/strong> <a href=\"https:\/\/buchshop.bod.de\/perspektiven-aus-der-depressions-epidemie-stephan-schleim-9783819205736\">im BoD Shop<\/a>. Oder als eBook f\u00fcr nur 9,99 Euro bei <a href=\"https:\/\/www.amazon.de\/dp\/B0FR3R9YH6\">Amazon<\/a>, <a href=\"https:\/\/books.apple.com\/us\/book\/id6752545677\">Apple Books<\/a> und <a href=\"https:\/\/play.google.com\/store\/books\/details?id=PIiGEQAAQBAJ\">Google Play Books<\/a>.<\/p>\n\n\n\n<h2 class=\"wp-block-heading\">Die Cannabis-Protokolle (1. Druckauflage, 2026)<\/h2>\n\n\n\n<p>Kein Aprilscherz! Zum 1. April 2024 wurde Cannabis in Deutschland entkriminalisiert. Bis zuletzt blieb es spannend: W\u00fcrde der Bundesrat den Vermittlungsausschuss anrufen und das Gesetz f\u00fcr unbestimmte Zeit verz\u00f6gern? W\u00fcrde der Bundespr\u00e4sident verfassungsrechtliche Bedenken anmelden? Stephan Schleim hat die Vorg\u00e4nge, die zum Cannabisgesetz f\u00fchrten, ausf\u00fchrlich begleitet. Ein von ihm mitunterzeichneter Expertenbrief wurde in der entscheidenden Bundestagsdebatte zitiert. Schleim unterzog die \u00f6ffentliche Diskussion unerm\u00fcdlich einem Fakten-Check und widerlegte die Aussagen von \u00c4rztinnen und \u00c4rzten, die nach fast 100 Jahren D\u00e4monisierung der Genuss- und Heilpflanze Cannabis immer noch pseudowissenschaftliche Anti-Drogen-Propaganda verbreiten.<\/p>\n\n\n\n<figure class=\"wp-block-image size-large\"><a href=\"https:\/\/www.schleim.info\/wordpress\/wp-content\/uploads\/2024\/08\/Cover-de-neu-m-logo.jpg\"><img loading=\"lazy\" decoding=\"async\" width=\"576\" height=\"1024\" src=\"https:\/\/www.schleim.info\/wordpress\/wp-content\/uploads\/2024\/08\/Cover-de-neu-m-logo-576x1024.jpg\" alt=\"\" class=\"wp-image-489\" srcset=\"https:\/\/www.schleim.info\/wordpress\/wp-content\/uploads\/2024\/08\/Cover-de-neu-m-logo-576x1024.jpg 576w, https:\/\/www.schleim.info\/wordpress\/wp-content\/uploads\/2024\/08\/Cover-de-neu-m-logo-169x300.jpg 169w, https:\/\/www.schleim.info\/wordpress\/wp-content\/uploads\/2024\/08\/Cover-de-neu-m-logo-768x1365.jpg 768w, https:\/\/www.schleim.info\/wordpress\/wp-content\/uploads\/2024\/08\/Cover-de-neu-m-logo-864x1536.jpg 864w, https:\/\/www.schleim.info\/wordpress\/wp-content\/uploads\/2024\/08\/Cover-de-neu-m-logo-1152x2048.jpg 1152w, https:\/\/www.schleim.info\/wordpress\/wp-content\/uploads\/2024\/08\/Cover-de-neu-m-logo.jpg 1440w\" sizes=\"auto, (max-width: 576px) 100vw, 576px\" \/><\/a><\/figure>\n\n\n\n<p>Bestellen Sie das Buch mit viel Wissen und zahlreichen Abbildungen <strong>jetzt f\u00fcr nur 14,95 Euro versandkostenfrei<\/strong> <a href=\"https:\/\/buchshop.bod.de\/die-cannabis-protokolle-stephan-schleim-9783819206375\">im BoD Shop<\/a>. Oder als eBook f\u00fcr nur 9,99 Euro bei <a href=\"https:\/\/www.amazon.de\/dp\/B0F6LZ532C\">Amazon<\/a>, <a href=\"https:\/\/books.apple.com\/nl\/book\/die-cannabis-protokolle\/id6745148090\">Apple Books<\/a> und <a href=\"https:\/\/play.google.com\/store\/books\/details?id=f5pZEQAAQBAJ\">Google Play Books<\/a>.<\/p>\n\n\n\n<h2 class=\"wp-block-heading\">Hirnentwicklung und Recht (englisch, 2025)<\/h2>\n\n\n\n<p><em>Bereits \u00fcber 10.000 Online-Zugriffe (Stand: Juli 2025)<\/em><\/p>\n\n\n\n<p>Wird die Hirnforschung unser Rechtssystem ver\u00e4ndern? Oder ist das sogar schon passiert? Mit mehr als 20 Jahren Erfahrung auf diesem Gebiet nimmt Stephan Schleim Sie mit auf eine Zeitreise: Wie hat das &#8222;Hirn-Denken&#8220; ab 1800 die Psychiatrie beeinflusst? (Kapitel 1) Wann spielte es erstmals eine Rolle im Gerichtssaal? Hat es die Anhebung der Altersgrenze f\u00fcr die Todesstrafe in den USA beeinflusst?<\/p>\n\n\n\n<figure class=\"wp-block-image size-large\"><a href=\"https:\/\/link.springer.com\/book\/10.1007\/978-3-031-72362-9\"><img loading=\"lazy\" decoding=\"async\" width=\"729\" height=\"1024\" src=\"https:\/\/www.schleim.info\/wordpress\/wp-content\/uploads\/2024\/08\/Schleim-BDL-02-right-729x1024.jpg\" alt=\"\" class=\"wp-image-486\" srcset=\"https:\/\/www.schleim.info\/wordpress\/wp-content\/uploads\/2024\/08\/Schleim-BDL-02-right-729x1024.jpg 729w, https:\/\/www.schleim.info\/wordpress\/wp-content\/uploads\/2024\/08\/Schleim-BDL-02-right-214x300.jpg 214w, https:\/\/www.schleim.info\/wordpress\/wp-content\/uploads\/2024\/08\/Schleim-BDL-02-right-768x1079.jpg 768w, https:\/\/www.schleim.info\/wordpress\/wp-content\/uploads\/2024\/08\/Schleim-BDL-02-right.jpg 827w\" sizes=\"auto, (max-width: 729px) 100vw, 729px\" \/><\/a><\/figure>\n\n\n\n<p>Das Buch vermittelt Grundlagenwissen dar\u00fcber, was Psychologe und Hirnforscher inzwischen \u00fcber die (Hirn-) Entwicklung des Menschen herausgefunden haben. Ergebnisse von neuen Studien mit \u00fcber 100.000 Personen werden verst\u00e4ndlich erkl\u00e4rt (Kapitel 2). Nach einer Einf\u00fchrung in die Denkweise psychologischer Forschung (Kapitel 3) wird im Detail analysiert, wie Erkenntnisse der Hirnforschung das Rechtssystem und die Rechtspraxis beeinflusst haben (Kapitel 4) und es in Zukunft vielleicht noch tun werden (Kapitel 5). Das Buch ist <em>peer reviewed<\/em> und dank der Finanzierung durch die Bibliothek der Universit\u00e4t Groningen gratis in verschiedenen Formaten <a href=\"https:\/\/link.springer.com\/book\/10.1007\/978-3-031-72362-9\">auf der Verlagsseite<\/a> verf\u00fcgbar (open access).<\/p>\n\n\n\n<h2 class=\"wp-block-heading\">Wissenschaft und Willensfreiheit (englisch, Hardcover 2024; Taschenbuch 2025)<\/h2>\n\n\n\n<p>Der freie Wille ist eines der meistdiskutierten Themen in Neurowissenschaft, Psychologie und Philosophie. Viele gehen sogar davon aus, dass unser Menschenbild und unsere soziale Ordnung auf dem Spiel stehen. Dieses Buch zeigt, dass die akademische Debatte oft unter irref\u00fchrenden Annahmen gef\u00fchrt wird: Praktische Freiheit sollte nicht nur in weltfremden Laborexperimenten erforscht werden. Daher wird das Problem im zweiten Teil von <em>Science and Free Will<\/em> auf reale Entscheidungen in unserem Alltagsleben bezogen.<\/p>\n\n\n\n<p>Doch zun\u00e4chst werden wichtige Grundlagen aus \u00fcber 2.500 Jahren unserer Kulturgeschichte vermittelt. Erfahren Sie, wie bereits Sokrates die Vorstellung ablehnte, der Mensch sei nur die Summe seiner physischen Teile. Anschlie\u00dfend zeigt das Buch, wie der Streit um den freien Willen im Christentum beinahe zu einem B\u00fcrgerkrieg gef\u00fchrt h\u00e4tte. Ab dem 18. Jahrhundert gewannen wissenschaftlich gepr\u00e4gte Vorstellungen zunehmend an Bedeutung. Biologie, Physiologie und Physik kommen umfassend zu Wort, bevor Psychologie und Hirnforschung das Thema \u00fcbernehmen.<\/p>\n\n\n\n<figure class=\"wp-block-image size-large\"><a href=\"https:\/\/link.springer.com\/book\/10.1007\/978-3-662-69450-3\"><img loading=\"lazy\" decoding=\"async\" width=\"680\" height=\"1024\" src=\"https:\/\/www.schleim.info\/wordpress\/wp-content\/uploads\/2024\/05\/Science-and-Free-Will-Cover-right-final-680x1024.jpg\" alt=\"\" class=\"wp-image-452\" srcset=\"https:\/\/www.schleim.info\/wordpress\/wp-content\/uploads\/2024\/05\/Science-and-Free-Will-Cover-right-final-680x1024.jpg 680w, https:\/\/www.schleim.info\/wordpress\/wp-content\/uploads\/2024\/05\/Science-and-Free-Will-Cover-right-final-199x300.jpg 199w, https:\/\/www.schleim.info\/wordpress\/wp-content\/uploads\/2024\/05\/Science-and-Free-Will-Cover-right-final-768x1157.jpg 768w, https:\/\/www.schleim.info\/wordpress\/wp-content\/uploads\/2024\/05\/Science-and-Free-Will-Cover-right-final.jpg 827w\" sizes=\"auto, (max-width: 680px) 100vw, 680px\" \/><\/a><\/figure>\n\n\n\n<p><em>Science and Free Will<\/em> erkl\u00e4rt, warum die endlose Debatte \u00fcber den Determinismus nicht der Kern des Problems ist. Ber\u00fchmte Physiker wie Max Planck, Albert Einstein und Anton Zeilinger kommen dabei zur Sprache. Die Frage ist nicht, <em>ob<\/em> unsere Entscheidungen kausal determiniert sind, sondern <em>welche<\/em> Ursachen dabei eine Rolle spielen. Was das f\u00fcr das Recht, die Wissenschaft und wie wir trotzdem frei sein k\u00f6nnen bedeutet, wird am Ende ausf\u00fchrlich diskutiert.<\/p>\n\n\n\n<p>Beziehen Sie das Buch direkt \u00fcber die <a href=\"https:\/\/link.springer.com\/book\/10.1007\/978-3-662-69450-3\">Website des Herausgebers<\/a> (mit dem Code SPRAUT eventuell mit 20% Rabatt) oder im Buchhandel.<\/p>\n\n\n\n<h2 class=\"wp-block-heading\">Psychische Gesundheit und Verbesserung (englisch, 2023)<\/h2>\n\n\n\n<p><em>Bereits \u00fcber 25.000 Online-Zugriffe (Stand: Juli 2025)<\/em><\/p>\n\n\n\n<p>Psychische Gesundheit, Selbstverbesserung und Substanzkonsum (Drogenkonsum) bleiben hochrelevante gesellschaftliche Themen. In diesem kostenlos verf\u00fcgbaren Buch diskutiert Stephan Schleim sie erstmals zusammen. Was &#8222;Gesundheit&#8220; ist, was &#8222;psychische St\u00f6rungen&#8220; und insbesondere &#8222;Sucht&#8220;, bildet den theoretischen Rahmen (Kapitel 1 &amp; 2). Anschlie\u00dfend werden aktuelle Trends im Substanzkonsum \u2013 zur Optimierung, als Selbstmedikation und medizinische Behandlung \u2013 diskutiert (Kapitel 3 &amp; 4). Die Geschichte und Gegenwart der Drogenpolitik bietet viele \u00dcberraschungen (Kapitel 4 &amp; 5).<\/p>\n\n\n\n<figure class=\"wp-block-image size-large\"><a href=\"https:\/\/link.springer.com\/book\/10.1007\/978-3-031-32618-9\"><img loading=\"lazy\" decoding=\"async\" width=\"725\" height=\"1024\" src=\"https:\/\/www.schleim.info\/wordpress\/wp-content\/uploads\/2024\/08\/Schleim-MHE-2023-725x1024.jpg\" alt=\"\" class=\"wp-image-483\" srcset=\"https:\/\/www.schleim.info\/wordpress\/wp-content\/uploads\/2024\/08\/Schleim-MHE-2023-725x1024.jpg 725w, https:\/\/www.schleim.info\/wordpress\/wp-content\/uploads\/2024\/08\/Schleim-MHE-2023-212x300.jpg 212w, https:\/\/www.schleim.info\/wordpress\/wp-content\/uploads\/2024\/08\/Schleim-MHE-2023-768x1085.jpg 768w, https:\/\/www.schleim.info\/wordpress\/wp-content\/uploads\/2024\/08\/Schleim-MHE-2023.jpg 827w\" sizes=\"auto, (max-width: 725px) 100vw, 725px\" \/><\/a><\/figure>\n\n\n\n<p>Eine ausf\u00fchrlichere Einleitung finden Sie in Stephan Schleims Blog &#8222;<a href=\"https:\/\/scilogs.spektrum.de\/menschen-bilder\/jetzt-gratis-neues-buch-ueber-psychische-gesundheit-die-hintergruende-verstehen\/\">MENSCHEN-BILDER<\/a>&#8222;. Oder downloaden Sie das Buch gleich gratis auf der <a href=\"https:\/\/link.springer.com\/book\/10.1007\/978-3-031-32618-9\">Verlagsseite<\/a>. Es entstand im Rahmen des Forschungsprojekts &#8222;<a href=\"https:\/\/www.schleim.info\/wordpress\/de\/2023\/11\/09\/forschungsprojekte\/\">The History of Neuroethics<\/a>&#8220; und wurde vom Niederl\u00e4ndischen Forschungsrat (NWO) finanziert.<\/p>\n\n\n\n<h2 class=\"wp-block-heading\">Wissenschaft und Willensfreiheit (2023)<\/h2>\n\n\n\n<p><em>Bereits \u00fcber 10.000 Online-Zugriffe (Stand: Juli 2025)<\/em><\/p>\n\n\n\n<p>&#8222;Stephan Schleim stellt diese spannungsvolle Diskussion verst\u00e4ndlich dar. [\u2026] Es lohnt sich, n\u00e4her hinzuschauen.&#8220; (Psychologie Heute, 9\/2023)<\/p>\n\n\n\n<p>Wie frei sind wir Menschen? Diese Frage wird nicht erst seit dem Aufkommen der Hirnforschung diskutiert. Stephan Schleim nimmt die Leserinnen und Leser mit in die griechische Antike, um zu verdeutlichen, was f\u00fcr unser Menschenbild auf dem Spiel steht. Die wesentlichen neurowissenschaftlichen Experimente werden verst\u00e4ndlich erkl\u00e4rt. Dabei kommt so manche \u00dcberraschung ans Tageslicht. Im zweiten, praktischen Teil geht es nicht nur um die Bedeutung von Willensfreiheit f\u00fcr Strafrecht und Moral, sondern entwickelt der Autor einen eigenen Ansatz: Wie k\u00f6nnen wir praktisch freier sein?<\/p>\n\n\n\n<figure class=\"wp-block-image size-large\"><a href=\"https:\/\/link.springer.com\/book\/10.1007\/978-3-662-66323-3\"><img loading=\"lazy\" decoding=\"async\" width=\"583\" height=\"1024\" src=\"https:\/\/www.schleim.info\/wordpress\/wp-content\/uploads\/2023\/11\/978-3-662-66322-6_GLS_Exception_Deblik_PB_SC_Bauer-Thomas-3-vorne-583x1024.jpg\" alt=\"\" class=\"wp-image-381\" srcset=\"https:\/\/www.schleim.info\/wordpress\/wp-content\/uploads\/2023\/11\/978-3-662-66322-6_GLS_Exception_Deblik_PB_SC_Bauer-Thomas-3-vorne-583x1024.jpg 583w, https:\/\/www.schleim.info\/wordpress\/wp-content\/uploads\/2023\/11\/978-3-662-66322-6_GLS_Exception_Deblik_PB_SC_Bauer-Thomas-3-vorne-171x300.jpg 171w, https:\/\/www.schleim.info\/wordpress\/wp-content\/uploads\/2023\/11\/978-3-662-66322-6_GLS_Exception_Deblik_PB_SC_Bauer-Thomas-3-vorne-768x1348.jpg 768w, https:\/\/www.schleim.info\/wordpress\/wp-content\/uploads\/2023\/11\/978-3-662-66322-6_GLS_Exception_Deblik_PB_SC_Bauer-Thomas-3-vorne-875x1536.jpg 875w, https:\/\/www.schleim.info\/wordpress\/wp-content\/uploads\/2023\/11\/978-3-662-66322-6_GLS_Exception_Deblik_PB_SC_Bauer-Thomas-3-vorne-1167x2048.jpg 1167w, https:\/\/www.schleim.info\/wordpress\/wp-content\/uploads\/2023\/11\/978-3-662-66322-6_GLS_Exception_Deblik_PB_SC_Bauer-Thomas-3-vorne.jpg 1364w\" sizes=\"auto, (max-width: 583px) 100vw, 583px\" \/><\/a><\/figure>\n\n\n\n<p>Eine ausf\u00fchrlichere Einleitung finden Sie in Stephan Schleims Blog &#8222;<a href=\"https:\/\/scilogs.spektrum.de\/menschen-bilder\/psychologie-der-freiheit-einmal-weitergedacht-mit-gratis-online-vortrag\/\">MENSCHEN-BILDER<\/a>&#8222;. Oder bestellen Sie das Buch gleich auf der <a href=\"https:\/\/link.springer.com\/book\/10.1007\/978-3-662-66323-3\">Verlagsseite<\/a> sowie im Buchhandel.<\/p>\n\n\n\n<h2 class=\"wp-block-heading\">Gehirn, Psyche und Gesellschaft (2021)<\/h2>\n\n\n\n<p><em>Bereits \u00fcber 275.000 Online-Zugriffe (Stand: Juli 2025)<\/em><\/p>\n\n\n\n<p>&#8222;Wer sich einen \u00dcberblick \u00fcber die wichtigsten Debatten verschaffen m\u00f6chte, die zwischen Neurowissenschaften und Philosophie in den vergangenen Jahren gef\u00fchrt wurden, kann sich mit Schleims Sammlung schnell orientieren.&#8220; (F.A.Z., 25.6.2021)<\/p>\n\n\n\n<p>Dieses Buch enth\u00e4lt eine Zusammenstellung von Artikeln zu aktuellen Fragen der Wissenschaften vom Menschen. Es spannt einen Bogen von der Philosophie und Psychologie bis hin zur Biologie, Hirnforschung und Medizin. Der Autor forscht und lehrt nicht nur in diesen Gebieten, sondern schreibt dar\u00fcber seit \u00fcber 15 Jahren f\u00fcr ein breites Publikum. Eine Auswahl der 33 wichtigsten Beitr\u00e4ge aus seinem erfolgreichen Blog <a href=\"https:\/\/scilogs.spektrum.de\/menschen-bilder\/\">MENSCHEN-BILDER<\/a> (SciLogs, Spektrum Verlag) sind hier in \u00fcberarbeiteter Form neu zusammengestellt und mit Einf\u00fchrungen und Ausblicken versehen. In sechs Abschnitten behandelt er Grundfragen von Neurophilosophie und -Theologie, Neuroethik, psychischen St\u00f6rungen, Lebensphilosophie und sexueller Orientierung. Die Bedeutung der wissenschaftlichen Funde f\u00fcr Mensch und Gesellschaft steht dabei an zentraler Stelle.<\/p>\n\n\n\n<figure class=\"wp-block-image size-large\"><a href=\"https:\/\/link.springer.com\/book\/10.1007\/978-3-662-62229-2\"><img loading=\"lazy\" decoding=\"async\" width=\"613\" height=\"1024\" src=\"https:\/\/www.schleim.info\/wordpress\/wp-content\/uploads\/2023\/11\/Gehirn-Psyche-Gesellschaft-Umschlag-613x1024.jpg\" alt=\"\" class=\"wp-image-384\" srcset=\"https:\/\/www.schleim.info\/wordpress\/wp-content\/uploads\/2023\/11\/Gehirn-Psyche-Gesellschaft-Umschlag-613x1024.jpg 613w, https:\/\/www.schleim.info\/wordpress\/wp-content\/uploads\/2023\/11\/Gehirn-Psyche-Gesellschaft-Umschlag-180x300.jpg 180w, https:\/\/www.schleim.info\/wordpress\/wp-content\/uploads\/2023\/11\/Gehirn-Psyche-Gesellschaft-Umschlag-768x1282.jpg 768w, https:\/\/www.schleim.info\/wordpress\/wp-content\/uploads\/2023\/11\/Gehirn-Psyche-Gesellschaft-Umschlag-920x1536.jpg 920w, https:\/\/www.schleim.info\/wordpress\/wp-content\/uploads\/2023\/11\/Gehirn-Psyche-Gesellschaft-Umschlag-1227x2048.jpg 1227w, https:\/\/www.schleim.info\/wordpress\/wp-content\/uploads\/2023\/11\/Gehirn-Psyche-Gesellschaft-Umschlag-scaled.jpg 1534w\" sizes=\"auto, (max-width: 613px) 100vw, 613px\" \/><\/a><\/figure>\n\n\n\n<p>Bestellen Sie das Buch gleich auf der <a href=\"https:\/\/link.springer.com\/book\/10.1007\/978-3-662-62229-2\">Verlagsseite<\/a> oder im Buchhandel.<\/p>\n\n\n\n<h2 class=\"wp-block-heading\">Psyche &amp; psychische Gesundheit (2020)<\/h2>\n\n\n\n<p>In <em>Was sind psychische St\u00f6rungen?<\/em> (2018) stellte ich meine eigenen theoretischen und historischen Ansichten \u00fcber psychische St\u00f6rungen vor. In dem neuen eBook kommen nun Kolleginnen und Kollegen aus Belgien, Deutschland und den Niederlanden ans Wort. Sie vertreten neuartige und teils kritische Ideen, von denen man in den Mainstream-Medien wenig h\u00f6rt. In Interviews mit Fachleuten aus Psychologie, Psychiatrie und Philosophie k\u00f6nnen Sie an ihren Erkenntnissen teilhaben. Am Ende des Buchs wird auch auf die Dimension der Sinngebung eingegangen: Was, wenn es f\u00fcr die Probleme keine L\u00f6sung gibt und man damit leben muss? Lesen Sie die Interviews mit, unter anderem, den Professoren Jim van Os, Laura Batstra, Ludger Tebartz van Elst, Paul Verhaeghe und Peter de Jonge.<\/p>\n\n\n\n<figure class=\"wp-block-image size-large\"><img loading=\"lazy\" decoding=\"async\" width=\"600\" height=\"800\" src=\"https:\/\/www.schleim.info\/wordpress\/wp-content\/uploads\/2020\/08\/Psyche-und-psychische-Gesundheit-Umschlag.png\" alt=\"\" class=\"wp-image-195\" srcset=\"https:\/\/www.schleim.info\/wordpress\/wp-content\/uploads\/2020\/08\/Psyche-und-psychische-Gesundheit-Umschlag.png 600w, https:\/\/www.schleim.info\/wordpress\/wp-content\/uploads\/2020\/08\/Psyche-und-psychische-Gesundheit-Umschlag-225x300.png 225w\" sizes=\"auto, (max-width: 600px) 100vw, 600px\" \/><\/figure>\n\n\n\n<h2 class=\"wp-block-heading\">Was sind psychische St\u00f6rungen? (2018)<\/h2>\n\n\n\n<p>Im Vorwort von <em>Die Neurogesellschaft<\/em> von 2011 war bereits angedacht, dass nun ein Buch \u00fcber klinische Psychologie beziehungsweise Psychiatrie folgen m\u00fcsste. Dass es dann bis 2018 dauern sollte, bis diese Aufsatzsammlung erscheinen w\u00fcrde, h\u00e4tte ich mir damals nicht vorstellen k\u00f6nnen.<\/p>\n\n\n\n<figure class=\"wp-block-image\"><img loading=\"lazy\" decoding=\"async\" width=\"600\" height=\"800\" src=\"https:\/\/www.schleim.info\/wordpress\/wp-content\/uploads\/2019\/05\/Umschlag-05-Was-sind-psychische-Sto\u0308rungen.jpg\" alt=\"\" class=\"wp-image-44\" srcset=\"https:\/\/www.schleim.info\/wordpress\/wp-content\/uploads\/2019\/05\/Umschlag-05-Was-sind-psychische-Sto\u0308rungen.jpg 600w, https:\/\/www.schleim.info\/wordpress\/wp-content\/uploads\/2019\/05\/Umschlag-05-Was-sind-psychische-Sto\u0308rungen-225x300.jpg 225w\" sizes=\"auto, (max-width: 600px) 100vw, 600px\" \/><\/figure>\n\n\n\n<p>Dabei ist es sehr wichtig, nicht nur Wissenschaftler verschiedener Disziplinen, sondern auch (potenzielle) Patienten und ihre Angeh\u00f6rigen \u00fcber die Rahmenbedingungen und theoretischen Voraussetzungen der Disziplinen von der psychischen Gesundheit und Krankheit aufzukl\u00e4ren. Denn deren Grundannahmen beeinflussen nicht nur die Art der Forschung und ihre Ergebnisse, sondern auch die Therapien, die den Betroffenen angeboten werden.<\/p>\n\n\n\n<p><em>Was sind psychische St\u00f6rungen?<\/em> zeigt aus verschiedenen Blickwinkeln, dass psychische St\u00f6rungen in ihrem gesellschaftlichen und historischen Kontext untersucht werden m\u00fcssen. Das heute immer noch weit verbreitete molekularbiologische Denken in klinischer Psychologie und Psychiatrie wird dem Menschen und seinen psychischen Problemen nicht gerecht.<\/p>\n\n\n\n<h2 class=\"wp-block-heading\">Die Neurogesellschaft (2011)<\/h2>\n\n\n\n<p>In dieser Fortsetzung von <em>Gedankenlesen<\/em> (2008) und <em>Von der Neuroethik zum Neurorecht<\/em> (2009) besch\u00e4ftige ich mich ausf\u00fchrlicher mit der Diskussion um die Willensfreiheit, L\u00fcgenerkennung und sogenannte gef\u00e4hrliche Gehirne. Bei jedem der Themen werden sowohl philosophische als auch rechtswissenschaftliche, psychologische und soziale Aspekte ber\u00fccksichtigt.<\/p>\n\n\n\n<figure class=\"wp-block-image size-large\"><a href=\"https:\/\/www.schleim.info\/wordpress\/wp-content\/uploads\/2019\/05\/Umschlag-04-Die-Neurogesellschaft-01.jpg\"><img loading=\"lazy\" decoding=\"async\" width=\"713\" height=\"1024\" src=\"https:\/\/www.schleim.info\/wordpress\/wp-content\/uploads\/2019\/05\/Umschlag-04-Die-Neurogesellschaft-01-713x1024.jpg\" alt=\"\" class=\"wp-image-43\" srcset=\"https:\/\/www.schleim.info\/wordpress\/wp-content\/uploads\/2019\/05\/Umschlag-04-Die-Neurogesellschaft-01-713x1024.jpg 713w, https:\/\/www.schleim.info\/wordpress\/wp-content\/uploads\/2019\/05\/Umschlag-04-Die-Neurogesellschaft-01-209x300.jpg 209w, https:\/\/www.schleim.info\/wordpress\/wp-content\/uploads\/2019\/05\/Umschlag-04-Die-Neurogesellschaft-01-768x1103.jpg 768w, https:\/\/www.schleim.info\/wordpress\/wp-content\/uploads\/2019\/05\/Umschlag-04-Die-Neurogesellschaft-01.jpg 1843w\" sizes=\"auto, (max-width: 713px) 100vw, 713px\" \/><\/a><\/figure>\n\n\n\n<p>Ein \u00fcbergreifendes Thema des Buchs (hier bei <a href=\"https:\/\/www.amazon.de\/Von-Neuroethik-Neurorecht-Stephan-Schleim\/dp\/352540414X\/\">Amazon.de<\/a>) ist das &#8222;individuelle Gehirn&#8220;, n\u00e4mlich der Gedanke, dass wir Menschen uns nicht nur \u00e4u\u00dferlich, anhand unserer Fingerabdr\u00fccke oder unserer Gene unterscheiden, sondern auch wesentlich anhand unserer Gehirne. Jedes Hirn ist einzigartig.<\/p>\n\n\n\n<p>Denn scheren die am h\u00e4ufigsten verwendeten statistischen Methoden alle Versuchspersonen, alle Gehirne eines Experiments \u00fcber einen Kamm. Wie passt das zur Individualit\u00e4t des Menschen? Und zu den enormen Anspr\u00fcchen, die f\u00fchrende Hirnforscher erhoben haben, alle Aspekte des Menschen erkl\u00e4ren zu k\u00f6nnen? Dieser Herausforderung nahm sich <em>Die Neurogesellschaft<\/em> an \u2013 und zeigte dabei auch, dass einige dieser mit gro\u00dfen Worten auftretenden Wissenschaftler bei n\u00e4herem Hinsehen ziemlich unsauber gearbeitet haben.<\/p>\n\n\n\n<p>Das im Buch vermittelte Grundwissen ist immer noch aktuell. Darum wird es hier <a href=\"https:\/\/www.schleim.info\/Schleim-2011-Neurogesellschaft.pdf\">gratis zum Download<\/a> angeboten.<\/p>\n\n\n\n<h2 class=\"wp-block-heading\">Lebensentstehung und k\u00fcnstliches Leben (2010)<\/h2>\n\n\n\n<p>Die willkommenste Abwechslung w\u00e4hrend meiner Promotionszeit waren die von Professor, Pfarrer und Seelsorger <a href=\"https:\/\/de.wikipedia.org\/wiki\/Ulrich_Eibach\">Ulrich Eibach<\/a> organisierten Treffen des &#8222;Arbeitskreises Evolution&#8220;. Zusammen mit unter anderem den Professoren <a href=\"https:\/\/de.wikipedia.org\/wiki\/Wolfgang_Alt\">Wolfgang Alt<\/a> (Theoretische Biologie), <a href=\"https:\/\/www.zellbiologie.uni-bonn.de\/arbeitsgruppen-1\/prof.%20herzog\/wissenschaftlicher-werdegang\">Volker Herzog<\/a> (Molekularbiologie) und <a href=\"https:\/\/de.wikipedia.org\/wiki\/Gunter_M._Sch%C3%BCtz\">Gunter M. Sch\u00fctz<\/a> (Theoretische Physik) diskutierten wir grundlegende Fragen der Lebensentstehung, der Evolution und des k\u00fcnstlichen Lebens.<\/p>\n\n\n\n<figure class=\"wp-block-image size-full\"><a href=\"https:\/\/www.schleim.info\/wordpress\/wp-content\/uploads\/2019\/05\/Umschlag-03-Lebensentstehung.jpg\"><img loading=\"lazy\" decoding=\"async\" width=\"350\" height=\"582\" src=\"https:\/\/www.schleim.info\/wordpress\/wp-content\/uploads\/2019\/05\/Umschlag-03-Lebensentstehung.jpg\" alt=\"\" class=\"wp-image-42\" srcset=\"https:\/\/www.schleim.info\/wordpress\/wp-content\/uploads\/2019\/05\/Umschlag-03-Lebensentstehung.jpg 350w, https:\/\/www.schleim.info\/wordpress\/wp-content\/uploads\/2019\/05\/Umschlag-03-Lebensentstehung-180x300.jpg 180w\" sizes=\"auto, (max-width: 350px) 100vw, 350px\" \/><\/a><\/figure>\n\n\n\n<p>In diesem gemeinsamen Buchprojekt (hier bei <a href=\"https:\/\/www.amazon.de\/gp\/product\/3906336565?pf_rd_p=af56e32e-62c8-4689-9dc9-f92ce134d391\">Amazon.de<\/a>) haben wir aus Sichtweise unserer jeweiligen Disziplinen Fragen an den Grenzen der Wissenschaft diskutiert. Die im Buch aneinander gestellten Fragen geben den offenen wie konstruktiven interdisziplin\u00e4ren Dialog wieder, wie wir ihn auf dem Gel\u00e4nde des Universit\u00e4tsklinikums Bonn viele Male gef\u00fchrt haben.<\/p>\n\n\n\n<h2 class=\"wp-block-heading\">Von der Neuroethik zum Neurorecht? (2009)<\/h2>\n\n\n\n<p>Mit den gro\u00dfen Erwartungen an die Hirnforschung gingen auch ethische Herausforderungen einher. Diesen widmet sich seit der Jahrtausendwende die sogenannte Neuroethik. In diesem Sammelband (herausgegeben mit <a href=\"https:\/\/www.jura.uni-bonn.de\/centre-for-the-law-of-life-sciences\/prof-dr-dr-tade-m-spranger\/\">Tade M. Spranger<\/a> und Henrik Walter) besch\u00e4ftigten wir uns spezifisch mit den rechtlichen Problemen, die die Neurowissenschaften aufwerfen. Brauchen wir ein eigenes &#8222;Neurorecht&#8220;?<\/p>\n\n\n\n<figure class=\"wp-block-image size-large\"><a href=\"https:\/\/www.schleim.info\/wordpress\/wp-content\/uploads\/2019\/05\/Umschlag-02-Neuroethik-Neurorecht.png\"><img loading=\"lazy\" decoding=\"async\" width=\"618\" height=\"1024\" src=\"https:\/\/www.schleim.info\/wordpress\/wp-content\/uploads\/2019\/05\/Umschlag-02-Neuroethik-Neurorecht-618x1024.png\" alt=\"\" class=\"wp-image-41\" srcset=\"https:\/\/www.schleim.info\/wordpress\/wp-content\/uploads\/2019\/05\/Umschlag-02-Neuroethik-Neurorecht-618x1024.png 618w, https:\/\/www.schleim.info\/wordpress\/wp-content\/uploads\/2019\/05\/Umschlag-02-Neuroethik-Neurorecht-181x300.png 181w, https:\/\/www.schleim.info\/wordpress\/wp-content\/uploads\/2019\/05\/Umschlag-02-Neuroethik-Neurorecht.png 717w\" sizes=\"auto, (max-width: 618px) 100vw, 618px\" \/><\/a><\/figure>\n\n\n\n<h2 class=\"wp-block-heading\">Gedankenlesen (2008)<\/h2>\n\n\n\n<p>W\u00e4hrend meiner Doktorarbeit zur Neurophysiologie moralischer Entscheidungen an den Universit\u00e4tskliniken Frankfurt und Bonn wurde ich zunehmend unzufrieden mit der Art und Weise, wie in der \u00d6ffentlichkeit \u00fcber Hirnforschung kommuniziert wurde. Es herrschte eine Goldgr\u00e4berstimmung, bei der man dachte, mit dem Kernspintomographen tief ins Innerste des Menschen schauen, seine Gedanken lesen und die &#8222;gro\u00dfen Fragen&#8220; beantworten zu k\u00f6nnen.<\/p>\n\n\n\n<figure class=\"wp-block-image size-large\"><a href=\"https:\/\/www.schleim.info\/wordpress\/wp-content\/uploads\/2019\/05\/Umschlag-01-Gedankenlesen-2.jpg\"><img loading=\"lazy\" decoding=\"async\" width=\"744\" height=\"1024\" src=\"https:\/\/www.schleim.info\/wordpress\/wp-content\/uploads\/2019\/05\/Umschlag-01-Gedankenlesen-2-744x1024.jpg\" alt=\"\" class=\"wp-image-40\" srcset=\"https:\/\/www.schleim.info\/wordpress\/wp-content\/uploads\/2019\/05\/Umschlag-01-Gedankenlesen-2-744x1024.jpg 744w, https:\/\/www.schleim.info\/wordpress\/wp-content\/uploads\/2019\/05\/Umschlag-01-Gedankenlesen-2-218x300.jpg 218w, https:\/\/www.schleim.info\/wordpress\/wp-content\/uploads\/2019\/05\/Umschlag-01-Gedankenlesen-2-768x1057.jpg 768w, https:\/\/www.schleim.info\/wordpress\/wp-content\/uploads\/2019\/05\/Umschlag-01-Gedankenlesen-2.jpg 1949w\" sizes=\"auto, (max-width: 706px) 89vw, (max-width: 767px) 82vw, 740px\" \/><\/a><\/figure>\n\n\n\n<p>Dem gegen\u00fcber stand eine gro\u00dfe Oberfl\u00e4chlichkeit in der Art der Berichte: Wie sp\u00e4tere Kommunikationsforschung best\u00e4tigte (<a href=\"https:\/\/doi.org\/10.1016\/j.socscimed.2010.05.017\">Racine et al., 2010<\/a>) wurden methodische Einschr\u00e4nkungen, experimentelle Rahmenbedingungen oder theoretische Voraussetzungen der Forschung kaum thematisiert. Diese L\u00fccke f\u00fcllte <em>Gedankenlesen<\/em>, indem es dem Leser erkl\u00e4rte, wie die bildgebende Hirnforschung funktioniert und was von dem Anspruch zu halten ist, mit Hirnscannern Gedanken lesen zu k\u00f6nnen.<\/p>\n\n\n\n<p>Das im Buch vermittelte Grundwissen ist immer noch aktuell. Darum wird es hier <a href=\"https:\/\/www.schleim.info\/Schleim-2008-Gedankenlesen.pdf\">gratis zum Download<\/a> angeboten.<\/p>\n\n\n\n<figure class=\"wp-block-image\"><img loading=\"lazy\" decoding=\"async\" src=\"https:\/\/vg04.met.vgwort.de\/na\/2ce197a612f142788c74619489f073b7\" width=\"1\" height=\"1\" alt=\"\"><\/figure>\n","protected":false},"excerpt":{"rendered":"<p>Stephan Schleims kann inzwischen mehr als zehn Buchpublikationen \u2013 als Autor und Herausgeber \u2013 vorweisen. Seine Werke erhielten positive Rezensionen, zum Beispiel in der F.A.Z., Psychologie Heute und Zeitschrift f\u00fcr Neuropsychologie. Hier erfahren Sie mehr.<\/p>\n","protected":false},"author":1,"featured_media":479,"comment_status":"closed","ping_status":"closed","sticky":false,"template":"","format":"standard","meta":{"footnotes":""},"categories":[1],"tags":[],"class_list":["post-39","post","type-post","status-publish","format-standard","has-post-thumbnail","hentry","category-allgemein"],"yoast_head":"<!-- This site is optimized with the Yoast SEO plugin v27.5 - https:\/\/yoast.com\/product\/yoast-seo-wordpress\/ -->\n<title>Stephan Schleims B\u00fccher - Dr. Stephan Schleim, M.A.<\/title>\n<meta name=\"robots\" content=\"index, follow, max-snippet:-1, max-image-preview:large, max-video-preview:-1\" \/>\n<link rel=\"canonical\" href=\"https:\/\/www.schleim.info\/wordpress\/de\/2024\/08\/28\/stephan-schleims-buecher\/\" \/>\n<meta property=\"og:locale\" content=\"de_DE\" \/>\n<meta property=\"og:type\" content=\"article\" \/>\n<meta property=\"og:title\" content=\"Stephan Schleims B\u00fccher - Dr. Stephan Schleim, M.A.\" \/>\n<meta property=\"og:description\" content=\"Stephan Schleims kann inzwischen mehr als zehn Buchpublikationen \u2013 als Autor und Herausgeber \u2013 vorweisen. Seine Werke erhielten positive Rezensionen, zum Beispiel in der F.A.Z., Psychologie Heute und Zeitschrift f\u00fcr Neuropsychologie. Hier erfahren Sie mehr.\" \/>\n<meta property=\"og:url\" content=\"https:\/\/www.schleim.info\/wordpress\/de\/2024\/08\/28\/stephan-schleims-buecher\/\" \/>\n<meta property=\"og:site_name\" content=\"Dr. Stephan Schleim, M.A.\" \/>\n<meta property=\"article:published_time\" content=\"2024-08-28T07:34:41+00:00\" \/>\n<meta property=\"article:modified_time\" content=\"2025-12-15T17:57:05+00:00\" \/>\n<meta property=\"og:image\" content=\"https:\/\/www.schleim.info\/wordpress\/wp-content\/uploads\/2025\/06\/Buchumschlaege-neu.jpg\" \/>\n\t<meta property=\"og:image:width\" content=\"2400\" \/>\n\t<meta property=\"og:image:height\" content=\"1168\" \/>\n\t<meta property=\"og:image:type\" content=\"image\/jpeg\" \/>\n<meta name=\"author\" content=\"Stephan Schleim\" \/>\n<meta name=\"twitter:card\" content=\"summary_large_image\" \/>\n<meta name=\"twitter:creator\" content=\"@https:\/\/twitter.com\/SchleimStephan\" \/>\n<meta name=\"twitter:site\" content=\"@SchleimStephan\" \/>\n<meta name=\"twitter:label1\" content=\"Verfasst von\" \/>\n\t<meta name=\"twitter:data1\" content=\"Stephan Schleim\" \/>\n\t<meta name=\"twitter:label2\" content=\"Gesch\u00e4tzte Lesezeit\" \/>\n\t<meta name=\"twitter:data2\" content=\"14\u00a0Minuten\" \/>\n<script type=\"application\/ld+json\" class=\"yoast-schema-graph\">{\"@context\":\"https:\\\/\\\/schema.org\",\"@graph\":[{\"@type\":\"Article\",\"@id\":\"https:\\\/\\\/www.schleim.info\\\/wordpress\\\/de\\\/2024\\\/08\\\/28\\\/stephan-schleims-buecher\\\/#article\",\"isPartOf\":{\"@id\":\"https:\\\/\\\/www.schleim.info\\\/wordpress\\\/de\\\/2024\\\/08\\\/28\\\/stephan-schleims-buecher\\\/\"},\"author\":{\"name\":\"Stephan Schleim\",\"@id\":\"https:\\\/\\\/www.schleim.info\\\/wordpress\\\/#\\\/schema\\\/person\\\/242f19378ae2bbad2313b7dfb0dbb44d\"},\"headline\":\"Stephan Schleims B\u00fccher\",\"datePublished\":\"2024-08-28T07:34:41+00:00\",\"dateModified\":\"2025-12-15T17:57:05+00:00\",\"mainEntityOfPage\":{\"@id\":\"https:\\\/\\\/www.schleim.info\\\/wordpress\\\/de\\\/2024\\\/08\\\/28\\\/stephan-schleims-buecher\\\/\"},\"wordCount\":1963,\"publisher\":{\"@id\":\"https:\\\/\\\/www.schleim.info\\\/wordpress\\\/#\\\/schema\\\/person\\\/242f19378ae2bbad2313b7dfb0dbb44d\"},\"image\":{\"@id\":\"https:\\\/\\\/www.schleim.info\\\/wordpress\\\/de\\\/2024\\\/08\\\/28\\\/stephan-schleims-buecher\\\/#primaryimage\"},\"thumbnailUrl\":\"https:\\\/\\\/www.schleim.info\\\/wordpress\\\/wp-content\\\/uploads\\\/2025\\\/06\\\/Buchumschlaege-neu.jpg\",\"inLanguage\":\"de\"},{\"@type\":\"WebPage\",\"@id\":\"https:\\\/\\\/www.schleim.info\\\/wordpress\\\/de\\\/2024\\\/08\\\/28\\\/stephan-schleims-buecher\\\/\",\"url\":\"https:\\\/\\\/www.schleim.info\\\/wordpress\\\/de\\\/2024\\\/08\\\/28\\\/stephan-schleims-buecher\\\/\",\"name\":\"Stephan Schleims B\u00fccher - Dr. Stephan Schleim, M.A.\",\"isPartOf\":{\"@id\":\"https:\\\/\\\/www.schleim.info\\\/wordpress\\\/#website\"},\"primaryImageOfPage\":{\"@id\":\"https:\\\/\\\/www.schleim.info\\\/wordpress\\\/de\\\/2024\\\/08\\\/28\\\/stephan-schleims-buecher\\\/#primaryimage\"},\"image\":{\"@id\":\"https:\\\/\\\/www.schleim.info\\\/wordpress\\\/de\\\/2024\\\/08\\\/28\\\/stephan-schleims-buecher\\\/#primaryimage\"},\"thumbnailUrl\":\"https:\\\/\\\/www.schleim.info\\\/wordpress\\\/wp-content\\\/uploads\\\/2025\\\/06\\\/Buchumschlaege-neu.jpg\",\"datePublished\":\"2024-08-28T07:34:41+00:00\",\"dateModified\":\"2025-12-15T17:57:05+00:00\",\"breadcrumb\":{\"@id\":\"https:\\\/\\\/www.schleim.info\\\/wordpress\\\/de\\\/2024\\\/08\\\/28\\\/stephan-schleims-buecher\\\/#breadcrumb\"},\"inLanguage\":\"de\",\"potentialAction\":[{\"@type\":\"ReadAction\",\"target\":[\"https:\\\/\\\/www.schleim.info\\\/wordpress\\\/de\\\/2024\\\/08\\\/28\\\/stephan-schleims-buecher\\\/\"]}]},{\"@type\":\"ImageObject\",\"inLanguage\":\"de\",\"@id\":\"https:\\\/\\\/www.schleim.info\\\/wordpress\\\/de\\\/2024\\\/08\\\/28\\\/stephan-schleims-buecher\\\/#primaryimage\",\"url\":\"https:\\\/\\\/www.schleim.info\\\/wordpress\\\/wp-content\\\/uploads\\\/2025\\\/06\\\/Buchumschlaege-neu.jpg\",\"contentUrl\":\"https:\\\/\\\/www.schleim.info\\\/wordpress\\\/wp-content\\\/uploads\\\/2025\\\/06\\\/Buchumschlaege-neu.jpg\",\"width\":2400,\"height\":1168},{\"@type\":\"BreadcrumbList\",\"@id\":\"https:\\\/\\\/www.schleim.info\\\/wordpress\\\/de\\\/2024\\\/08\\\/28\\\/stephan-schleims-buecher\\\/#breadcrumb\",\"itemListElement\":[{\"@type\":\"ListItem\",\"position\":1,\"name\":\"Startseite\",\"item\":\"http:\\\/\\\/www.schleim.info\\\/wordpress\\\/de\\\/\"},{\"@type\":\"ListItem\",\"position\":2,\"name\":\"Stephan Schleims B\u00fccher\"}]},{\"@type\":\"WebSite\",\"@id\":\"https:\\\/\\\/www.schleim.info\\\/wordpress\\\/#website\",\"url\":\"https:\\\/\\\/www.schleim.info\\\/wordpress\\\/\",\"name\":\"Dr. Stephan Schleim, M.A.\",\"description\":\"Philosoph, Theoretischer Psychologe, Freidenker\",\"publisher\":{\"@id\":\"https:\\\/\\\/www.schleim.info\\\/wordpress\\\/#\\\/schema\\\/person\\\/242f19378ae2bbad2313b7dfb0dbb44d\"},\"potentialAction\":[{\"@type\":\"SearchAction\",\"target\":{\"@type\":\"EntryPoint\",\"urlTemplate\":\"https:\\\/\\\/www.schleim.info\\\/wordpress\\\/?s={search_term_string}\"},\"query-input\":{\"@type\":\"PropertyValueSpecification\",\"valueRequired\":true,\"valueName\":\"search_term_string\"}}],\"inLanguage\":\"de\"},{\"@type\":[\"Person\",\"Organization\"],\"@id\":\"https:\\\/\\\/www.schleim.info\\\/wordpress\\\/#\\\/schema\\\/person\\\/242f19378ae2bbad2313b7dfb0dbb44d\",\"name\":\"Stephan Schleim\",\"image\":{\"@type\":\"ImageObject\",\"inLanguage\":\"de\",\"@id\":\"https:\\\/\\\/www.schleim.info\\\/wordpress\\\/wp-content\\\/uploads\\\/2019\\\/06\\\/15-4-19-Stephan-Schleim-10_sq-1024x1024.jpg\",\"url\":\"https:\\\/\\\/www.schleim.info\\\/wordpress\\\/wp-content\\\/uploads\\\/2019\\\/06\\\/15-4-19-Stephan-Schleim-10_sq-1024x1024.jpg\",\"contentUrl\":\"https:\\\/\\\/www.schleim.info\\\/wordpress\\\/wp-content\\\/uploads\\\/2019\\\/06\\\/15-4-19-Stephan-Schleim-10_sq-1024x1024.jpg\",\"width\":1024,\"height\":1024,\"caption\":\"Stephan Schleim\"},\"logo\":{\"@id\":\"https:\\\/\\\/www.schleim.info\\\/wordpress\\\/wp-content\\\/uploads\\\/2019\\\/06\\\/15-4-19-Stephan-Schleim-10_sq-1024x1024.jpg\"},\"sameAs\":[\"https:\\\/\\\/www.schleim.info\",\"https:\\\/\\\/www.linkedin.com\\\/in\\\/stephan-schleim-96a70537\\\/\",\"https:\\\/\\\/x.com\\\/https:\\\/\\\/twitter.com\\\/SchleimStephan\",\"https:\\\/\\\/de.wikipedia.org\\\/wiki\\\/Stephan_Schleim\"],\"url\":\"https:\\\/\\\/www.schleim.info\\\/wordpress\\\/author\\\/schleimwp\\\/\"}]}<\/script>\n<!-- \/ Yoast SEO plugin. -->","yoast_head_json":{"title":"Stephan Schleims B\u00fccher - Dr. Stephan Schleim, M.A.","robots":{"index":"index","follow":"follow","max-snippet":"max-snippet:-1","max-image-preview":"max-image-preview:large","max-video-preview":"max-video-preview:-1"},"canonical":"https:\/\/www.schleim.info\/wordpress\/de\/2024\/08\/28\/stephan-schleims-buecher\/","og_locale":"de_DE","og_type":"article","og_title":"Stephan Schleims B\u00fccher - Dr. Stephan Schleim, M.A.","og_description":"Stephan Schleims kann inzwischen mehr als zehn Buchpublikationen \u2013 als Autor und Herausgeber \u2013 vorweisen. Seine Werke erhielten positive Rezensionen, zum Beispiel in der F.A.Z., Psychologie Heute und Zeitschrift f\u00fcr Neuropsychologie. Hier erfahren Sie mehr.","og_url":"https:\/\/www.schleim.info\/wordpress\/de\/2024\/08\/28\/stephan-schleims-buecher\/","og_site_name":"Dr. Stephan Schleim, M.A.","article_published_time":"2024-08-28T07:34:41+00:00","article_modified_time":"2025-12-15T17:57:05+00:00","og_image":[{"width":2400,"height":1168,"url":"https:\/\/www.schleim.info\/wordpress\/wp-content\/uploads\/2025\/06\/Buchumschlaege-neu.jpg","type":"image\/jpeg"}],"author":"Stephan Schleim","twitter_card":"summary_large_image","twitter_creator":"@https:\/\/twitter.com\/SchleimStephan","twitter_site":"@SchleimStephan","twitter_misc":{"Verfasst von":"Stephan Schleim","Gesch\u00e4tzte Lesezeit":"14\u00a0Minuten"},"schema":{"@context":"https:\/\/schema.org","@graph":[{"@type":"Article","@id":"https:\/\/www.schleim.info\/wordpress\/de\/2024\/08\/28\/stephan-schleims-buecher\/#article","isPartOf":{"@id":"https:\/\/www.schleim.info\/wordpress\/de\/2024\/08\/28\/stephan-schleims-buecher\/"},"author":{"name":"Stephan Schleim","@id":"https:\/\/www.schleim.info\/wordpress\/#\/schema\/person\/242f19378ae2bbad2313b7dfb0dbb44d"},"headline":"Stephan Schleims B\u00fccher","datePublished":"2024-08-28T07:34:41+00:00","dateModified":"2025-12-15T17:57:05+00:00","mainEntityOfPage":{"@id":"https:\/\/www.schleim.info\/wordpress\/de\/2024\/08\/28\/stephan-schleims-buecher\/"},"wordCount":1963,"publisher":{"@id":"https:\/\/www.schleim.info\/wordpress\/#\/schema\/person\/242f19378ae2bbad2313b7dfb0dbb44d"},"image":{"@id":"https:\/\/www.schleim.info\/wordpress\/de\/2024\/08\/28\/stephan-schleims-buecher\/#primaryimage"},"thumbnailUrl":"https:\/\/www.schleim.info\/wordpress\/wp-content\/uploads\/2025\/06\/Buchumschlaege-neu.jpg","inLanguage":"de"},{"@type":"WebPage","@id":"https:\/\/www.schleim.info\/wordpress\/de\/2024\/08\/28\/stephan-schleims-buecher\/","url":"https:\/\/www.schleim.info\/wordpress\/de\/2024\/08\/28\/stephan-schleims-buecher\/","name":"Stephan Schleims B\u00fccher - Dr. Stephan Schleim, M.A.","isPartOf":{"@id":"https:\/\/www.schleim.info\/wordpress\/#website"},"primaryImageOfPage":{"@id":"https:\/\/www.schleim.info\/wordpress\/de\/2024\/08\/28\/stephan-schleims-buecher\/#primaryimage"},"image":{"@id":"https:\/\/www.schleim.info\/wordpress\/de\/2024\/08\/28\/stephan-schleims-buecher\/#primaryimage"},"thumbnailUrl":"https:\/\/www.schleim.info\/wordpress\/wp-content\/uploads\/2025\/06\/Buchumschlaege-neu.jpg","datePublished":"2024-08-28T07:34:41+00:00","dateModified":"2025-12-15T17:57:05+00:00","breadcrumb":{"@id":"https:\/\/www.schleim.info\/wordpress\/de\/2024\/08\/28\/stephan-schleims-buecher\/#breadcrumb"},"inLanguage":"de","potentialAction":[{"@type":"ReadAction","target":["https:\/\/www.schleim.info\/wordpress\/de\/2024\/08\/28\/stephan-schleims-buecher\/"]}]},{"@type":"ImageObject","inLanguage":"de","@id":"https:\/\/www.schleim.info\/wordpress\/de\/2024\/08\/28\/stephan-schleims-buecher\/#primaryimage","url":"https:\/\/www.schleim.info\/wordpress\/wp-content\/uploads\/2025\/06\/Buchumschlaege-neu.jpg","contentUrl":"https:\/\/www.schleim.info\/wordpress\/wp-content\/uploads\/2025\/06\/Buchumschlaege-neu.jpg","width":2400,"height":1168},{"@type":"BreadcrumbList","@id":"https:\/\/www.schleim.info\/wordpress\/de\/2024\/08\/28\/stephan-schleims-buecher\/#breadcrumb","itemListElement":[{"@type":"ListItem","position":1,"name":"Startseite","item":"http:\/\/www.schleim.info\/wordpress\/de\/"},{"@type":"ListItem","position":2,"name":"Stephan Schleims B\u00fccher"}]},{"@type":"WebSite","@id":"https:\/\/www.schleim.info\/wordpress\/#website","url":"https:\/\/www.schleim.info\/wordpress\/","name":"Dr. Stephan Schleim, M.A.","description":"Philosoph, Theoretischer Psychologe, Freidenker","publisher":{"@id":"https:\/\/www.schleim.info\/wordpress\/#\/schema\/person\/242f19378ae2bbad2313b7dfb0dbb44d"},"potentialAction":[{"@type":"SearchAction","target":{"@type":"EntryPoint","urlTemplate":"https:\/\/www.schleim.info\/wordpress\/?s={search_term_string}"},"query-input":{"@type":"PropertyValueSpecification","valueRequired":true,"valueName":"search_term_string"}}],"inLanguage":"de"},{"@type":["Person","Organization"],"@id":"https:\/\/www.schleim.info\/wordpress\/#\/schema\/person\/242f19378ae2bbad2313b7dfb0dbb44d","name":"Stephan Schleim","image":{"@type":"ImageObject","inLanguage":"de","@id":"https:\/\/www.schleim.info\/wordpress\/wp-content\/uploads\/2019\/06\/15-4-19-Stephan-Schleim-10_sq-1024x1024.jpg","url":"https:\/\/www.schleim.info\/wordpress\/wp-content\/uploads\/2019\/06\/15-4-19-Stephan-Schleim-10_sq-1024x1024.jpg","contentUrl":"https:\/\/www.schleim.info\/wordpress\/wp-content\/uploads\/2019\/06\/15-4-19-Stephan-Schleim-10_sq-1024x1024.jpg","width":1024,"height":1024,"caption":"Stephan Schleim"},"logo":{"@id":"https:\/\/www.schleim.info\/wordpress\/wp-content\/uploads\/2019\/06\/15-4-19-Stephan-Schleim-10_sq-1024x1024.jpg"},"sameAs":["https:\/\/www.schleim.info","https:\/\/www.linkedin.com\/in\/stephan-schleim-96a70537\/","https:\/\/x.com\/https:\/\/twitter.com\/SchleimStephan","https:\/\/de.wikipedia.org\/wiki\/Stephan_Schleim"],"url":"https:\/\/www.schleim.info\/wordpress\/author\/schleimwp\/"}]}},"_links":{"self":[{"href":"https:\/\/www.schleim.info\/wordpress\/wp-json\/wp\/v2\/posts\/39","targetHints":{"allow":["GET"]}}],"collection":[{"href":"https:\/\/www.schleim.info\/wordpress\/wp-json\/wp\/v2\/posts"}],"about":[{"href":"https:\/\/www.schleim.info\/wordpress\/wp-json\/wp\/v2\/types\/post"}],"author":[{"embeddable":true,"href":"https:\/\/www.schleim.info\/wordpress\/wp-json\/wp\/v2\/users\/1"}],"replies":[{"embeddable":true,"href":"https:\/\/www.schleim.info\/wordpress\/wp-json\/wp\/v2\/comments?post=39"}],"version-history":[{"count":39,"href":"https:\/\/www.schleim.info\/wordpress\/wp-json\/wp\/v2\/posts\/39\/revisions"}],"predecessor-version":[{"id":529,"href":"https:\/\/www.schleim.info\/wordpress\/wp-json\/wp\/v2\/posts\/39\/revisions\/529"}],"wp:featuredmedia":[{"embeddable":true,"href":"https:\/\/www.schleim.info\/wordpress\/wp-json\/wp\/v2\/media\/479"}],"wp:attachment":[{"href":"https:\/\/www.schleim.info\/wordpress\/wp-json\/wp\/v2\/media?parent=39"}],"wp:term":[{"taxonomy":"category","embeddable":true,"href":"https:\/\/www.schleim.info\/wordpress\/wp-json\/wp\/v2\/categories?post=39"},{"taxonomy":"post_tag","embeddable":true,"href":"https:\/\/www.schleim.info\/wordpress\/wp-json\/wp\/v2\/tags?post=39"}],"curies":[{"name":"wp","href":"https:\/\/api.w.org\/{rel}","templated":true}]}}