{"id":33,"date":"2025-06-11T19:22:59","date_gmt":"2025-06-11T17:22:59","guid":{"rendered":"http:\/\/www.schleim.info\/wordpress\/?p=33"},"modified":"2025-06-11T19:23:00","modified_gmt":"2025-06-11T17:23:00","slug":"unabhaengig-kritisch-seit-2005","status":"publish","type":"post","link":"https:\/\/www.schleim.info\/wordpress\/de\/2025\/06\/11\/unabhaengig-kritisch-seit-2005\/","title":{"rendered":"Unabh\u00e4ngig kritisch seit 2005"},"content":{"rendered":"\n<p><strong>Stephan Schleim ist <\/strong><a href=\"https:\/\/www.rug.nl\/staff\/s.schleim\/\"><strong>Assoziierter Professor<\/strong><\/a><strong> f\u00fcr Theoretische Psychologie an der Universit\u00e4t Groningen und Autor verschiedener <\/strong><a href=\"https:\/\/www.schleim.info\/wordpress\/de\/2023\/11\/10\/stephan-schleims-buecher\/\"><strong>B\u00fccher<\/strong><\/a><strong> \u00fcber Philosophie, Psychologie und Neurowissenschaften. Au\u00dferdem f\u00fchrte er mehrere <a href=\"https:\/\/www.schleim.info\/wordpress\/de\/2023\/11\/09\/forschungsprojekte\/\">Forschungsprojekte<\/a> \u00fcber die Theorie und Ethik der Neurowissenschaften aus. Schwerpunkt seiner Forschung sind die Bedingungen, unter denen wissenschaftliches Wissen produziert und in die \u00d6ffentlichkeit kommuniziert wird.<\/strong><\/p>\n\n\n\n<p><strong>Kontakt via E-Mail:<\/strong> academia at schleim punkt info (Universit\u00e4t), ansonsten stephan at schleim punkt info<\/p>\n\n\n\n<p><strong>Lesen Sie weiter f\u00fcr einen kurzen Lebenslauf.<\/strong><\/p>\n\n\n\n<!--more-->\n\n\n\n<ul class=\"wp-block-list\">\n<li>seit 2015: Assoziierter Professor f\u00fcr Theoretische Psychologie an der Universit\u00e4t Groningen<\/li>\n\n\n\n<li>2014-2017: Member am Munich Center for Neuroscience<\/li>\n\n\n\n<li>2013: Gastwissenschaftler am Munich Center for Neuroscience<\/li>\n\n\n\n<li>2012\/2013: Universit\u00e4tsprofessor (W3) f\u00fcr Neurophilosophie an der Ludwig-Maximilians-Universit\u00e4t M\u00fcnchen<\/li>\n\n\n\n<li>2012: Gastwissenschaftler am Universit\u00e4tsklinikum Z\u00fcrich (Prof. Dr. Boris Quednow)<\/li>\n\n\n\n<li>2010-2015: Assistenzprofessor f\u00fcr Theoretische Psychologie an der Universit\u00e4t Groningen<\/li>\n\n\n\n<li>2009-2010: Postdoc an der Universit\u00e4t Groningen<\/li>\n\n\n\n<li>2009: Promotion im Fach Cognitive Science (PhD) an der Universit\u00e4t Osnabr\u00fcck<\/li>\n\n\n\n<li>2006-2009: Wissenschaftlicher Mitarbeiter am Universit\u00e4tsklinikum Bonn<\/li>\n\n\n\n<li>2005-2006: Wissenschaftlicher Mitarbeiter am Universit\u00e4tsklinikum Frankfurt\/Main<\/li>\n\n\n\n<li>2005: Visitor am California Institute of Technology (Shimojo Psychophysics Laboratory)<\/li>\n\n\n\n<li>2004: Praktikant am Max-Planck-Institut f\u00fcr Hirnforschung (Neurophysiologie, Wolf Singer)<\/li>\n\n\n\n<li>2000-2005: Student u.a. der Philosophie, Psychologie und Informatik (M.A.) an den Universit\u00e4ten Mainz und Frankfurt\/Main<\/li>\n<\/ul>\n\n\n\n<p>Eine <a href=\"https:\/\/www.rug.nl\/staff\/s.schleim\/research\/publications.html\">\u00dcbersicht meiner akademischen Publikationen<\/a> finden Sie auf meiner Mitarbeiterseite bei der Universit\u00e4t Groningen. Besuchen Sie auch meinen Blog <a href=\"https:\/\/scilogs.spektrum.de\/menschen-bilder\/\">MENSCHEN-BILDER<\/a> (seit 2007) bei den <a href=\"https:\/\/scilogs.spektrum.de\/\">SciLogs<\/a> des Spektrum Verlags oder lesen Sie meine Texte auf <a href=\"https:\/\/www.heise.de\/tp\/autoren\/Stephan-Schleim-3458302.html\">Telepolis<\/a> (seit 2005). <a href=\"https:\/\/de.wikipedia.org\/wiki\/Stephan_Schleim\">N\u00e4heres zu meinem Werdegang<\/a> finden Sie auch auf Wikipedia.<\/p>\n\n\n<div class=\"wp-block-image\">\n<figure class=\"alignleft is-resized\"><img loading=\"lazy\" decoding=\"async\" width=\"1024\" height=\"1024\" src=\"https:\/\/www.schleim.info\/wordpress\/wp-content\/uploads\/2019\/06\/15-4-19-Stephan-Schleim-10_sq-1024x1024.jpg\" alt=\"\" class=\"wp-image-96\" style=\"width:187px;height:187px\" srcset=\"https:\/\/www.schleim.info\/wordpress\/wp-content\/uploads\/2019\/06\/15-4-19-Stephan-Schleim-10_sq-1024x1024.jpg 1024w, https:\/\/www.schleim.info\/wordpress\/wp-content\/uploads\/2019\/06\/15-4-19-Stephan-Schleim-10_sq-150x150.jpg 150w, https:\/\/www.schleim.info\/wordpress\/wp-content\/uploads\/2019\/06\/15-4-19-Stephan-Schleim-10_sq-300x300.jpg 300w, https:\/\/www.schleim.info\/wordpress\/wp-content\/uploads\/2019\/06\/15-4-19-Stephan-Schleim-10_sq-768x768.jpg 768w, https:\/\/www.schleim.info\/wordpress\/wp-content\/uploads\/2019\/06\/15-4-19-Stephan-Schleim-10_sq-100x100.jpg 100w\" sizes=\"auto, (max-width: 767px) 89vw, (max-width: 1000px) 54vw, (max-width: 1071px) 543px, 580px\" \/><figcaption class=\"wp-element-caption\">Foto: <a href=\"https:\/\/ehphoto.nl\/\">Elsbeth Hoekstra<\/a><\/figcaption><\/figure>\n<\/div>\n\n\n<p>Ich bin au\u00dferdem Gastautor in verschiedenen Medien (z.B. c&#8217;t magazin, FAZ, Gehirn&amp;Geist, Psychologie Heute, Spektrum der Wissenschaft) mit \u00dcbersetzungen in mehrere Sprachen sowie h\u00e4ufig als Experte in Online- und Printmedien, Rundfunk und Fernsehen pr\u00e4sent (z.B. 3sat, Deutschlandfunk, Nature News, de Volkskrant, ZEIT Online). Neben Gutachten f\u00fcr dutzende wissenschaftliche Zeitschriften und Verlage beriet ich auch die wissenschaftlichen Stiftungen Deutschlands, der Niederlande, Israels und \u00d6sterreichs sowie den Europ\u00e4ischen Forschungsrat und die Volkswagenstiftung.<\/p>\n","protected":false},"excerpt":{"rendered":"<p>Stephan Schleim ist Assoziierter Professor f\u00fcr Theoretische Psychologie an der Universit\u00e4t Groningen und Autor verschiedener B\u00fccher \u00fcber Philosophie, Psychologie und Neurowissenschaften. Au\u00dferdem f\u00fchrte er mehrere Forschungsprojekte \u00fcber die Theorie und Ethik der Neurowissenschaften aus. Schwerpunkt seiner Forschung sind die Bedingungen, unter denen wissenschaftliches Wissen produziert und in die \u00d6ffentlichkeit kommuniziert wird. Kontakt via E-Mail: academia &hellip; <\/p>\n<p class=\"link-more\"><a href=\"https:\/\/www.schleim.info\/wordpress\/de\/2025\/06\/11\/unabhaengig-kritisch-seit-2005\/\" class=\"more-link\"><span class=\"screen-reader-text\">\u201eUnabh\u00e4ngig kritisch seit 2005\u201c<\/span> weiterlesen<\/a><\/p>\n","protected":false},"author":1,"featured_media":0,"comment_status":"closed","ping_status":"closed","sticky":false,"template":"","format":"standard","meta":{"footnotes":""},"categories":[1],"tags":[],"class_list":["post-33","post","type-post","status-publish","format-standard","hentry","category-allgemein"],"yoast_head":"<!-- This site is optimized with the Yoast SEO plugin v27.5 - https:\/\/yoast.com\/product\/yoast-seo-wordpress\/ -->\n<title>Unabh\u00e4ngig kritisch seit 2005 - Dr. Stephan Schleim, M.A.<\/title>\n<meta name=\"robots\" content=\"index, follow, max-snippet:-1, max-image-preview:large, max-video-preview:-1\" \/>\n<link rel=\"canonical\" href=\"https:\/\/www.schleim.info\/wordpress\/de\/2025\/06\/11\/unabhaengig-kritisch-seit-2005\/\" \/>\n<meta property=\"og:locale\" content=\"de_DE\" \/>\n<meta property=\"og:type\" content=\"article\" \/>\n<meta property=\"og:title\" content=\"Unabh\u00e4ngig kritisch seit 2005 - Dr. Stephan Schleim, M.A.\" \/>\n<meta property=\"og:description\" content=\"Stephan Schleim ist Assoziierter Professor f\u00fcr Theoretische Psychologie an der Universit\u00e4t Groningen und Autor verschiedener B\u00fccher \u00fcber Philosophie, Psychologie und Neurowissenschaften. Au\u00dferdem f\u00fchrte er mehrere Forschungsprojekte \u00fcber die Theorie und Ethik der Neurowissenschaften aus. Schwerpunkt seiner Forschung sind die Bedingungen, unter denen wissenschaftliches Wissen produziert und in die \u00d6ffentlichkeit kommuniziert wird. Kontakt via E-Mail: academia &hellip; \u201eUnabh\u00e4ngig kritisch seit 2005\u201c weiterlesen\" \/>\n<meta property=\"og:url\" content=\"https:\/\/www.schleim.info\/wordpress\/de\/2025\/06\/11\/unabhaengig-kritisch-seit-2005\/\" \/>\n<meta property=\"og:site_name\" content=\"Dr. Stephan Schleim, M.A.\" \/>\n<meta property=\"article:published_time\" content=\"2025-06-11T17:22:59+00:00\" \/>\n<meta property=\"article:modified_time\" content=\"2025-06-11T17:23:00+00:00\" \/>\n<meta property=\"og:image\" content=\"http:\/\/www.schleim.info\/wordpress\/wp-content\/uploads\/2019\/06\/15-4-19-Stephan-Schleim-10_sq-1024x1024.jpg\" \/>\n<meta name=\"author\" content=\"Stephan Schleim\" \/>\n<meta name=\"twitter:card\" content=\"summary_large_image\" \/>\n<meta name=\"twitter:creator\" content=\"@https:\/\/twitter.com\/SchleimStephan\" \/>\n<meta name=\"twitter:site\" content=\"@SchleimStephan\" \/>\n<meta name=\"twitter:label1\" content=\"Verfasst von\" \/>\n\t<meta name=\"twitter:data1\" content=\"Stephan Schleim\" \/>\n\t<meta name=\"twitter:label2\" content=\"Gesch\u00e4tzte Lesezeit\" \/>\n\t<meta name=\"twitter:data2\" content=\"2\u00a0Minuten\" \/>\n<script type=\"application\/ld+json\" class=\"yoast-schema-graph\">{\"@context\":\"https:\\\/\\\/schema.org\",\"@graph\":[{\"@type\":\"Article\",\"@id\":\"https:\\\/\\\/www.schleim.info\\\/wordpress\\\/de\\\/2025\\\/06\\\/11\\\/unabhaengig-kritisch-seit-2005\\\/#article\",\"isPartOf\":{\"@id\":\"https:\\\/\\\/www.schleim.info\\\/wordpress\\\/de\\\/2025\\\/06\\\/11\\\/unabhaengig-kritisch-seit-2005\\\/\"},\"author\":{\"name\":\"Stephan Schleim\",\"@id\":\"https:\\\/\\\/www.schleim.info\\\/wordpress\\\/#\\\/schema\\\/person\\\/242f19378ae2bbad2313b7dfb0dbb44d\"},\"headline\":\"Unabh\u00e4ngig kritisch seit 2005\",\"datePublished\":\"2025-06-11T17:22:59+00:00\",\"dateModified\":\"2025-06-11T17:23:00+00:00\",\"mainEntityOfPage\":{\"@id\":\"https:\\\/\\\/www.schleim.info\\\/wordpress\\\/de\\\/2025\\\/06\\\/11\\\/unabhaengig-kritisch-seit-2005\\\/\"},\"wordCount\":342,\"publisher\":{\"@id\":\"https:\\\/\\\/www.schleim.info\\\/wordpress\\\/#\\\/schema\\\/person\\\/242f19378ae2bbad2313b7dfb0dbb44d\"},\"image\":{\"@id\":\"https:\\\/\\\/www.schleim.info\\\/wordpress\\\/de\\\/2025\\\/06\\\/11\\\/unabhaengig-kritisch-seit-2005\\\/#primaryimage\"},\"thumbnailUrl\":\"http:\\\/\\\/www.schleim.info\\\/wordpress\\\/wp-content\\\/uploads\\\/2019\\\/06\\\/15-4-19-Stephan-Schleim-10_sq-1024x1024.jpg\",\"inLanguage\":\"de\"},{\"@type\":\"WebPage\",\"@id\":\"https:\\\/\\\/www.schleim.info\\\/wordpress\\\/de\\\/2025\\\/06\\\/11\\\/unabhaengig-kritisch-seit-2005\\\/\",\"url\":\"https:\\\/\\\/www.schleim.info\\\/wordpress\\\/de\\\/2025\\\/06\\\/11\\\/unabhaengig-kritisch-seit-2005\\\/\",\"name\":\"Unabh\u00e4ngig kritisch seit 2005 - Dr. Stephan Schleim, M.A.\",\"isPartOf\":{\"@id\":\"https:\\\/\\\/www.schleim.info\\\/wordpress\\\/#website\"},\"primaryImageOfPage\":{\"@id\":\"https:\\\/\\\/www.schleim.info\\\/wordpress\\\/de\\\/2025\\\/06\\\/11\\\/unabhaengig-kritisch-seit-2005\\\/#primaryimage\"},\"image\":{\"@id\":\"https:\\\/\\\/www.schleim.info\\\/wordpress\\\/de\\\/2025\\\/06\\\/11\\\/unabhaengig-kritisch-seit-2005\\\/#primaryimage\"},\"thumbnailUrl\":\"http:\\\/\\\/www.schleim.info\\\/wordpress\\\/wp-content\\\/uploads\\\/2019\\\/06\\\/15-4-19-Stephan-Schleim-10_sq-1024x1024.jpg\",\"datePublished\":\"2025-06-11T17:22:59+00:00\",\"dateModified\":\"2025-06-11T17:23:00+00:00\",\"breadcrumb\":{\"@id\":\"https:\\\/\\\/www.schleim.info\\\/wordpress\\\/de\\\/2025\\\/06\\\/11\\\/unabhaengig-kritisch-seit-2005\\\/#breadcrumb\"},\"inLanguage\":\"de\",\"potentialAction\":[{\"@type\":\"ReadAction\",\"target\":[\"https:\\\/\\\/www.schleim.info\\\/wordpress\\\/de\\\/2025\\\/06\\\/11\\\/unabhaengig-kritisch-seit-2005\\\/\"]}]},{\"@type\":\"ImageObject\",\"inLanguage\":\"de\",\"@id\":\"https:\\\/\\\/www.schleim.info\\\/wordpress\\\/de\\\/2025\\\/06\\\/11\\\/unabhaengig-kritisch-seit-2005\\\/#primaryimage\",\"url\":\"http:\\\/\\\/www.schleim.info\\\/wordpress\\\/wp-content\\\/uploads\\\/2019\\\/06\\\/15-4-19-Stephan-Schleim-10_sq-1024x1024.jpg\",\"contentUrl\":\"http:\\\/\\\/www.schleim.info\\\/wordpress\\\/wp-content\\\/uploads\\\/2019\\\/06\\\/15-4-19-Stephan-Schleim-10_sq-1024x1024.jpg\"},{\"@type\":\"BreadcrumbList\",\"@id\":\"https:\\\/\\\/www.schleim.info\\\/wordpress\\\/de\\\/2025\\\/06\\\/11\\\/unabhaengig-kritisch-seit-2005\\\/#breadcrumb\",\"itemListElement\":[{\"@type\":\"ListItem\",\"position\":1,\"name\":\"Startseite\",\"item\":\"http:\\\/\\\/www.schleim.info\\\/wordpress\\\/de\\\/\"},{\"@type\":\"ListItem\",\"position\":2,\"name\":\"Unabh\u00e4ngig kritisch seit 2005\"}]},{\"@type\":\"WebSite\",\"@id\":\"https:\\\/\\\/www.schleim.info\\\/wordpress\\\/#website\",\"url\":\"https:\\\/\\\/www.schleim.info\\\/wordpress\\\/\",\"name\":\"Dr. Stephan Schleim, M.A.\",\"description\":\"Philosoph, Theoretischer Psychologe, Freidenker\",\"publisher\":{\"@id\":\"https:\\\/\\\/www.schleim.info\\\/wordpress\\\/#\\\/schema\\\/person\\\/242f19378ae2bbad2313b7dfb0dbb44d\"},\"potentialAction\":[{\"@type\":\"SearchAction\",\"target\":{\"@type\":\"EntryPoint\",\"urlTemplate\":\"https:\\\/\\\/www.schleim.info\\\/wordpress\\\/?s={search_term_string}\"},\"query-input\":{\"@type\":\"PropertyValueSpecification\",\"valueRequired\":true,\"valueName\":\"search_term_string\"}}],\"inLanguage\":\"de\"},{\"@type\":[\"Person\",\"Organization\"],\"@id\":\"https:\\\/\\\/www.schleim.info\\\/wordpress\\\/#\\\/schema\\\/person\\\/242f19378ae2bbad2313b7dfb0dbb44d\",\"name\":\"Stephan Schleim\",\"image\":{\"@type\":\"ImageObject\",\"inLanguage\":\"de\",\"@id\":\"https:\\\/\\\/www.schleim.info\\\/wordpress\\\/wp-content\\\/uploads\\\/2019\\\/06\\\/15-4-19-Stephan-Schleim-10_sq-1024x1024.jpg\",\"url\":\"https:\\\/\\\/www.schleim.info\\\/wordpress\\\/wp-content\\\/uploads\\\/2019\\\/06\\\/15-4-19-Stephan-Schleim-10_sq-1024x1024.jpg\",\"contentUrl\":\"https:\\\/\\\/www.schleim.info\\\/wordpress\\\/wp-content\\\/uploads\\\/2019\\\/06\\\/15-4-19-Stephan-Schleim-10_sq-1024x1024.jpg\",\"width\":1024,\"height\":1024,\"caption\":\"Stephan Schleim\"},\"logo\":{\"@id\":\"https:\\\/\\\/www.schleim.info\\\/wordpress\\\/wp-content\\\/uploads\\\/2019\\\/06\\\/15-4-19-Stephan-Schleim-10_sq-1024x1024.jpg\"},\"sameAs\":[\"https:\\\/\\\/www.schleim.info\",\"https:\\\/\\\/www.linkedin.com\\\/in\\\/stephan-schleim-96a70537\\\/\",\"https:\\\/\\\/x.com\\\/https:\\\/\\\/twitter.com\\\/SchleimStephan\",\"https:\\\/\\\/de.wikipedia.org\\\/wiki\\\/Stephan_Schleim\"],\"url\":\"https:\\\/\\\/www.schleim.info\\\/wordpress\\\/author\\\/schleimwp\\\/\"}]}<\/script>\n<!-- \/ Yoast SEO plugin. -->","yoast_head_json":{"title":"Unabh\u00e4ngig kritisch seit 2005 - Dr. Stephan Schleim, M.A.","robots":{"index":"index","follow":"follow","max-snippet":"max-snippet:-1","max-image-preview":"max-image-preview:large","max-video-preview":"max-video-preview:-1"},"canonical":"https:\/\/www.schleim.info\/wordpress\/de\/2025\/06\/11\/unabhaengig-kritisch-seit-2005\/","og_locale":"de_DE","og_type":"article","og_title":"Unabh\u00e4ngig kritisch seit 2005 - Dr. Stephan Schleim, M.A.","og_description":"Stephan Schleim ist Assoziierter Professor f\u00fcr Theoretische Psychologie an der Universit\u00e4t Groningen und Autor verschiedener B\u00fccher \u00fcber Philosophie, Psychologie und Neurowissenschaften. Au\u00dferdem f\u00fchrte er mehrere Forschungsprojekte \u00fcber die Theorie und Ethik der Neurowissenschaften aus. Schwerpunkt seiner Forschung sind die Bedingungen, unter denen wissenschaftliches Wissen produziert und in die \u00d6ffentlichkeit kommuniziert wird. Kontakt via E-Mail: academia &hellip; \u201eUnabh\u00e4ngig kritisch seit 2005\u201c weiterlesen","og_url":"https:\/\/www.schleim.info\/wordpress\/de\/2025\/06\/11\/unabhaengig-kritisch-seit-2005\/","og_site_name":"Dr. Stephan Schleim, M.A.","article_published_time":"2025-06-11T17:22:59+00:00","article_modified_time":"2025-06-11T17:23:00+00:00","og_image":[{"url":"http:\/\/www.schleim.info\/wordpress\/wp-content\/uploads\/2019\/06\/15-4-19-Stephan-Schleim-10_sq-1024x1024.jpg","type":"","width":"","height":""}],"author":"Stephan Schleim","twitter_card":"summary_large_image","twitter_creator":"@https:\/\/twitter.com\/SchleimStephan","twitter_site":"@SchleimStephan","twitter_misc":{"Verfasst von":"Stephan Schleim","Gesch\u00e4tzte Lesezeit":"2\u00a0Minuten"},"schema":{"@context":"https:\/\/schema.org","@graph":[{"@type":"Article","@id":"https:\/\/www.schleim.info\/wordpress\/de\/2025\/06\/11\/unabhaengig-kritisch-seit-2005\/#article","isPartOf":{"@id":"https:\/\/www.schleim.info\/wordpress\/de\/2025\/06\/11\/unabhaengig-kritisch-seit-2005\/"},"author":{"name":"Stephan Schleim","@id":"https:\/\/www.schleim.info\/wordpress\/#\/schema\/person\/242f19378ae2bbad2313b7dfb0dbb44d"},"headline":"Unabh\u00e4ngig kritisch seit 2005","datePublished":"2025-06-11T17:22:59+00:00","dateModified":"2025-06-11T17:23:00+00:00","mainEntityOfPage":{"@id":"https:\/\/www.schleim.info\/wordpress\/de\/2025\/06\/11\/unabhaengig-kritisch-seit-2005\/"},"wordCount":342,"publisher":{"@id":"https:\/\/www.schleim.info\/wordpress\/#\/schema\/person\/242f19378ae2bbad2313b7dfb0dbb44d"},"image":{"@id":"https:\/\/www.schleim.info\/wordpress\/de\/2025\/06\/11\/unabhaengig-kritisch-seit-2005\/#primaryimage"},"thumbnailUrl":"http:\/\/www.schleim.info\/wordpress\/wp-content\/uploads\/2019\/06\/15-4-19-Stephan-Schleim-10_sq-1024x1024.jpg","inLanguage":"de"},{"@type":"WebPage","@id":"https:\/\/www.schleim.info\/wordpress\/de\/2025\/06\/11\/unabhaengig-kritisch-seit-2005\/","url":"https:\/\/www.schleim.info\/wordpress\/de\/2025\/06\/11\/unabhaengig-kritisch-seit-2005\/","name":"Unabh\u00e4ngig kritisch seit 2005 - Dr. Stephan Schleim, M.A.","isPartOf":{"@id":"https:\/\/www.schleim.info\/wordpress\/#website"},"primaryImageOfPage":{"@id":"https:\/\/www.schleim.info\/wordpress\/de\/2025\/06\/11\/unabhaengig-kritisch-seit-2005\/#primaryimage"},"image":{"@id":"https:\/\/www.schleim.info\/wordpress\/de\/2025\/06\/11\/unabhaengig-kritisch-seit-2005\/#primaryimage"},"thumbnailUrl":"http:\/\/www.schleim.info\/wordpress\/wp-content\/uploads\/2019\/06\/15-4-19-Stephan-Schleim-10_sq-1024x1024.jpg","datePublished":"2025-06-11T17:22:59+00:00","dateModified":"2025-06-11T17:23:00+00:00","breadcrumb":{"@id":"https:\/\/www.schleim.info\/wordpress\/de\/2025\/06\/11\/unabhaengig-kritisch-seit-2005\/#breadcrumb"},"inLanguage":"de","potentialAction":[{"@type":"ReadAction","target":["https:\/\/www.schleim.info\/wordpress\/de\/2025\/06\/11\/unabhaengig-kritisch-seit-2005\/"]}]},{"@type":"ImageObject","inLanguage":"de","@id":"https:\/\/www.schleim.info\/wordpress\/de\/2025\/06\/11\/unabhaengig-kritisch-seit-2005\/#primaryimage","url":"http:\/\/www.schleim.info\/wordpress\/wp-content\/uploads\/2019\/06\/15-4-19-Stephan-Schleim-10_sq-1024x1024.jpg","contentUrl":"http:\/\/www.schleim.info\/wordpress\/wp-content\/uploads\/2019\/06\/15-4-19-Stephan-Schleim-10_sq-1024x1024.jpg"},{"@type":"BreadcrumbList","@id":"https:\/\/www.schleim.info\/wordpress\/de\/2025\/06\/11\/unabhaengig-kritisch-seit-2005\/#breadcrumb","itemListElement":[{"@type":"ListItem","position":1,"name":"Startseite","item":"http:\/\/www.schleim.info\/wordpress\/de\/"},{"@type":"ListItem","position":2,"name":"Unabh\u00e4ngig kritisch seit 2005"}]},{"@type":"WebSite","@id":"https:\/\/www.schleim.info\/wordpress\/#website","url":"https:\/\/www.schleim.info\/wordpress\/","name":"Dr. Stephan Schleim, M.A.","description":"Philosoph, Theoretischer Psychologe, Freidenker","publisher":{"@id":"https:\/\/www.schleim.info\/wordpress\/#\/schema\/person\/242f19378ae2bbad2313b7dfb0dbb44d"},"potentialAction":[{"@type":"SearchAction","target":{"@type":"EntryPoint","urlTemplate":"https:\/\/www.schleim.info\/wordpress\/?s={search_term_string}"},"query-input":{"@type":"PropertyValueSpecification","valueRequired":true,"valueName":"search_term_string"}}],"inLanguage":"de"},{"@type":["Person","Organization"],"@id":"https:\/\/www.schleim.info\/wordpress\/#\/schema\/person\/242f19378ae2bbad2313b7dfb0dbb44d","name":"Stephan Schleim","image":{"@type":"ImageObject","inLanguage":"de","@id":"https:\/\/www.schleim.info\/wordpress\/wp-content\/uploads\/2019\/06\/15-4-19-Stephan-Schleim-10_sq-1024x1024.jpg","url":"https:\/\/www.schleim.info\/wordpress\/wp-content\/uploads\/2019\/06\/15-4-19-Stephan-Schleim-10_sq-1024x1024.jpg","contentUrl":"https:\/\/www.schleim.info\/wordpress\/wp-content\/uploads\/2019\/06\/15-4-19-Stephan-Schleim-10_sq-1024x1024.jpg","width":1024,"height":1024,"caption":"Stephan Schleim"},"logo":{"@id":"https:\/\/www.schleim.info\/wordpress\/wp-content\/uploads\/2019\/06\/15-4-19-Stephan-Schleim-10_sq-1024x1024.jpg"},"sameAs":["https:\/\/www.schleim.info","https:\/\/www.linkedin.com\/in\/stephan-schleim-96a70537\/","https:\/\/x.com\/https:\/\/twitter.com\/SchleimStephan","https:\/\/de.wikipedia.org\/wiki\/Stephan_Schleim"],"url":"https:\/\/www.schleim.info\/wordpress\/author\/schleimwp\/"}]}},"_links":{"self":[{"href":"https:\/\/www.schleim.info\/wordpress\/wp-json\/wp\/v2\/posts\/33","targetHints":{"allow":["GET"]}}],"collection":[{"href":"https:\/\/www.schleim.info\/wordpress\/wp-json\/wp\/v2\/posts"}],"about":[{"href":"https:\/\/www.schleim.info\/wordpress\/wp-json\/wp\/v2\/types\/post"}],"author":[{"embeddable":true,"href":"https:\/\/www.schleim.info\/wordpress\/wp-json\/wp\/v2\/users\/1"}],"replies":[{"embeddable":true,"href":"https:\/\/www.schleim.info\/wordpress\/wp-json\/wp\/v2\/comments?post=33"}],"version-history":[{"count":23,"href":"https:\/\/www.schleim.info\/wordpress\/wp-json\/wp\/v2\/posts\/33\/revisions"}],"predecessor-version":[{"id":405,"href":"https:\/\/www.schleim.info\/wordpress\/wp-json\/wp\/v2\/posts\/33\/revisions\/405"}],"wp:attachment":[{"href":"https:\/\/www.schleim.info\/wordpress\/wp-json\/wp\/v2\/media?parent=33"}],"wp:term":[{"taxonomy":"category","embeddable":true,"href":"https:\/\/www.schleim.info\/wordpress\/wp-json\/wp\/v2\/categories?post=33"},{"taxonomy":"post_tag","embeddable":true,"href":"https:\/\/www.schleim.info\/wordpress\/wp-json\/wp\/v2\/tags?post=33"}],"curies":[{"name":"wp","href":"https:\/\/api.w.org\/{rel}","templated":true}]}}